{"id":1389,"date":"2019-07-30T05:46:34","date_gmt":"2019-07-30T07:46:34","guid":{"rendered":"http:\/\/souslemanguier.fr\/WordPress\/?p=1389"},"modified":"2019-07-30T08:12:06","modified_gmt":"2019-07-30T10:12:06","slug":"vide-greniers-ete-2019","status":"publish","type":"post","link":"http:\/\/souslemanguier.fr\/WordPress\/?p=1389","title":{"rendered":"Vide-greniers \u00e9t\u00e9 2019"},"content":{"rendered":"\n<p style=\"text-align:center\" class=\"has-background has-huge-font-size has-vivid-cyan-blue-background-color\">Vide-greniers \u00e9t\u00e9 2019<\/p>\n\n\n\n<p class=\"has-medium-font-size\">A l&rsquo;occasion du fameux vide-greniers de Camiran, faisons le point sur nos participations en ce d\u00e9but d&rsquo;\u00e9t\u00e9 2019.<\/p>\n\n\n\n<p>Fontet : 130 \u20ac<\/p>\n\n\n\n<p>Auros : annul\u00e9<\/p>\n\n\n\n<p>Castets et Castillon: 212 \u20ac<\/p>\n\n\n\n<p>Pujols sur Ciron : 150 \u20ac<\/p>\n\n\n\n<p>Savignac : 175 \u20ac<\/p>\n\n\n\n<p class=\"has-text-color has-vivid-red-color\"><strong>Camiran<\/strong> : <strong>225 \u20ac<\/strong><\/p>\n\n\n\n<p>  Nous avons donc r\u00e9colt\u00e9 892 \u20ac pour l&rsquo;\u00e9cole de Bantogdo, afin d&rsquo;assurer \u00e0 chaque enfant un repas \u00e0 la cantine pour tous les jours de classe.<\/p>\n\n\n\n<div class=\"wp-block-image\"><figure class=\"aligncenter\"><img loading=\"lazy\" decoding=\"async\" width=\"1024\" height=\"576\" src=\"http:\/\/souslemanguier.fr\/WordPress\/wp-content\/uploads\/2019\/07\/Vide-greniers-Camiran-1024x576.jpg\" alt=\"\" class=\"wp-image-1394\" srcset=\"http:\/\/souslemanguier.fr\/WordPress\/wp-content\/uploads\/2019\/07\/Vide-greniers-Camiran-1024x576.jpg 1024w, http:\/\/souslemanguier.fr\/WordPress\/wp-content\/uploads\/2019\/07\/Vide-greniers-Camiran-300x169.jpg 300w, http:\/\/souslemanguier.fr\/WordPress\/wp-content\/uploads\/2019\/07\/Vide-greniers-Camiran-768x432.jpg 768w\" sizes=\"(max-width: 1024px) 100vw, 1024px\" \/><figcaption>La traditionnelle photo de groupe de Camiran, prise par B\u00e9bert .<br>Grace \u00e0 lui nous n&rsquo;avons rien pay\u00e9 pour participer au vide-greniers,<br>un grand merci aux organisateurs !<\/figcaption><\/figure><\/div>\n\n\n\n<p style=\"background-color:#f3d584;font-size:17px;text-align:left\" class=\"has-background\"><strong>Voici le calendrier pour la fin de l&rsquo;\u00e9t\u00e9 :<\/strong><\/p>\n\n\n\n<ul class=\"wp-block-list\"><li><strong>18 ao\u00fbt     \u00e0 Auriac\/Dropt  ( 47120 )<\/strong><\/li><\/ul>\n\n\n\n<ul class=\"wp-block-list\"><li>  <strong>1er septembre \u00e0 Blasimon<\/strong><\/li><\/ul>\n\n\n\n<ul class=\"wp-block-list\"><li><strong>22 septembre  \u00e0 Landiras<\/strong><\/li><\/ul>\n\n\n\n<p style=\"color:#a30000;font-size:28px;text-align:center\" class=\"has-text-color\"><strong>Pour vous inscrire, Clic -> <\/strong> <a href=\"https:\/\/framadate.org\/lK1IWv8UxN8OjE82\">https:\/\/framadate.org\/lK1IWv8UxN8OjE82<\/a><\/p>\n\n\n\n<p><\/p>\n\n\n\n<p><\/p>\n\n\n\n<p><\/p>\n","protected":false},"excerpt":{"rendered":"<p>Vide-greniers \u00e9t\u00e9 2019 A l&rsquo;occasion du fameux vide-greniers de Camiran, faisons le point sur nos participations en ce d\u00e9but d&rsquo;\u00e9t\u00e9 2019. Fontet : 130 \u20ac Auros : annul\u00e9 Castets et Castillon: 212 \u20ac Pujols sur Ciron : 150 \u20ac Savignac : 175 \u20ac Camiran : 225 \u20ac Nous avons donc r\u00e9colt\u00e9 892 \u20ac pour l&rsquo;\u00e9cole [&hellip;]<\/p>\n","protected":false},"author":1,"featured_media":0,"comment_status":"open","ping_status":"open","sticky":false,"template":"","format":"standard","meta":{"footnotes":""},"categories":[1],"tags":[],"class_list":["post-1389","post","type-post","status-publish","format-standard","hentry","category-uncategorized"],"_links":{"self":[{"href":"http:\/\/souslemanguier.fr\/WordPress\/index.php?rest_route=\/wp\/v2\/posts\/1389"}],"collection":[{"href":"http:\/\/souslemanguier.fr\/WordPress\/index.php?rest_route=\/wp\/v2\/posts"}],"about":[{"href":"http:\/\/souslemanguier.fr\/WordPress\/index.php?rest_route=\/wp\/v2\/types\/post"}],"author":[{"embeddable":true,"href":"http:\/\/souslemanguier.fr\/WordPress\/index.php?rest_route=\/wp\/v2\/users\/1"}],"replies":[{"embeddable":true,"href":"http:\/\/souslemanguier.fr\/WordPress\/index.php?rest_route=%2Fwp%2Fv2%2Fcomments&post=1389"}],"version-history":[{"count":27,"href":"http:\/\/souslemanguier.fr\/WordPress\/index.php?rest_route=\/wp\/v2\/posts\/1389\/revisions"}],"predecessor-version":[{"id":1419,"href":"http:\/\/souslemanguier.fr\/WordPress\/index.php?rest_route=\/wp\/v2\/posts\/1389\/revisions\/1419"}],"wp:attachment":[{"href":"http:\/\/souslemanguier.fr\/WordPress\/index.php?rest_route=%2Fwp%2Fv2%2Fmedia&parent=1389"}],"wp:term":[{"taxonomy":"category","embeddable":true,"href":"http:\/\/souslemanguier.fr\/WordPress\/index.php?rest_route=%2Fwp%2Fv2%2Fcategories&post=1389"},{"taxonomy":"post_tag","embeddable":true,"href":"http:\/\/souslemanguier.fr\/WordPress\/index.php?rest_route=%2Fwp%2Fv2%2Ftags&post=1389"}],"curies":[{"name":"wp","href":"https:\/\/api.w.org\/{rel}","templated":true}]}}