{"id":1444,"date":"2019-10-21T13:50:56","date_gmt":"2019-10-21T15:50:56","guid":{"rendered":"http:\/\/souslemanguier.fr\/WordPress\/?p=1444"},"modified":"2019-10-21T14:55:15","modified_gmt":"2019-10-21T16:55:15","slug":"des-nouvelles-de-lecole-de-bantogdo","status":"publish","type":"post","link":"http:\/\/souslemanguier.fr\/WordPress\/?p=1444","title":{"rendered":"Des nouvelles de l&rsquo;\u00e9cole de Bantogdo"},"content":{"rendered":"\n<p style=\"text-align:center\" class=\"has-background has-huge-font-size has-pale-pink-background-color\">Des nouvelles de l&rsquo;\u00e9cole de Bantogdo<\/p>\n\n\n\n<p class=\"has-medium-font-size\">Messages de Fan\u00e7oise et Fran\u00e7ois SOUILI:<\/p>\n\n\n\n<p><strong>7 octobre 2019:<\/strong><\/p>\n\n\n\n<p> Bonjour les amis. <\/p>\n\n\n\n<p>Juste avant les d\u00e9tails nous vous informons que  l&rsquo;\u00e9cole<strong> Bantogdo A<\/strong> compte \u00e0 cette rentr\u00e9e 2019_2020 un effectif global de <strong>607 <\/strong> \u00e9l\u00e8ves.<\/p>\n\n\n\n<p> L\u2019\u00e9cole attire d\u00e9sormais des inscriptions.&nbsp; <\/p>\n\n\n\n<p><strong>21 octobre 2019 :<\/strong><\/p>\n\n\n\n<p>Juste un bonjour pour vous donner de nos nouvelles. <\/p>\n\n\n\n<p> Nous sommes en pleines activit\u00e9s. A d\u00e9faut de pouvoir effectuer le d\u00e9placement \u00e0 Bantogdo  \u00e0 cause de l&rsquo;\u00e9tat de notre v\u00e9hicule endommag\u00e9 le samedi 05 octobre par suite d&rsquo;un accident de la circulation, nous avons fait venir le directeur de l&rsquo;\u00e9cole A, un enseignant et trois membres du bureau de l&rsquo;AME      (Association des M\u00e8res \u00c9ducatrices) pour \u00e9changer avec eux ,leur expliquer nos attentes avant de leur remettre contre d\u00e9charge, la somme de six cent quatre vingt dix huit mille cinq cent francs (698 500 F). Afin d&rsquo;appr\u00e9cier l&rsquo;impact de cet investissement sur le rendement des \u00e9l\u00e8ves, Fran\u00e7ois et moi avons initi\u00e9 une fiche d&rsquo;\u00e9valuation trimestrielle que nous allons exp\u00e9rimenter avec la contribution du directeur. L&rsquo;objectif est de savoir \u00ab\u00a0en quoi ces m\u00e8res b\u00e9n\u00e9ficiaires de cet appui AGR, apportent un plus sur le comportement et le rendement scolaire de leurs enfants?\u00a0\u00bb Cela nous demandera plus d&rsquo;efforts dans le suivi mais nous le voulons ainsi pour stimuler les m\u00e8res \u00e0 plus de d\u00e9vouement dans leurs activit\u00e9s et dans la vie de l&rsquo;\u00e9cole.<\/p>\n\n\n\n<p> L&rsquo;argent pour l&rsquo;achats du haricot, du riz ,l&rsquo;huile et le sel est \u00e9galement d\u00e9j\u00e0 remis aux charg\u00e9s de l&rsquo;approvisionnement. D\u00e9lai est donn\u00e9 pour le 03 Novembre au plus tard pour l&rsquo;envoi de ces vivres dans les deux \u00e9coles (A et B). Nous somme entrain de finaliser ladite fiche d&rsquo;\u00e9valuation en attendant les autres  pi\u00e8ces justificatives de l&rsquo;achat des vivres pour vous les envoyer .<\/p>\n\n\n\n<p>  Toute notre amiti\u00e9 \u00e0 vous.<\/p>\n\n\n\n<div class=\"wp-block-image\"><figure class=\"aligncenter is-resized\"><img loading=\"lazy\" decoding=\"async\" src=\"http:\/\/souslemanguier.fr\/WordPress\/wp-content\/uploads\/2019\/10\/FF.jpg\" alt=\"\" class=\"wp-image-1453\" width=\"506\" height=\"618\" srcset=\"http:\/\/souslemanguier.fr\/WordPress\/wp-content\/uploads\/2019\/10\/FF.jpg 763w, http:\/\/souslemanguier.fr\/WordPress\/wp-content\/uploads\/2019\/10\/FF-245x300.jpg 245w\" sizes=\"(max-width: 506px) 100vw, 506px\" \/><figcaption>Nos amis Fran\u00e7oise et Fran\u00e7ois Souili , ils habitent \u00e0 Ouagadougou et font le lien entre notre association et l&rsquo;\u00e9cole de  Bantogdo ( parents d&rsquo;\u00e9l\u00e8ves et enseignants ). Gr\u00e2ce \u00e0 eux nous sommes s\u00fbrs de l&rsquo;utilisation des fonds envoy\u00e9s.<br>Ils mettent toute leur \u00e9nergie au service de l&rsquo;\u00e9ducation, en particulier pour le village de Bantogdo.<\/figcaption><\/figure><\/div>\n\n\n\n<p><\/p>\n","protected":false},"excerpt":{"rendered":"<p>Des nouvelles de l&rsquo;\u00e9cole de Bantogdo Messages de Fan\u00e7oise et Fran\u00e7ois SOUILI: 7 octobre 2019: Bonjour les amis. Juste avant les d\u00e9tails nous vous informons que l&rsquo;\u00e9cole Bantogdo A compte \u00e0 cette rentr\u00e9e 2019_2020 un effectif global de 607 \u00e9l\u00e8ves. L\u2019\u00e9cole attire d\u00e9sormais des inscriptions.&nbsp; 21 octobre 2019 : Juste un bonjour pour vous donner [&hellip;]<\/p>\n","protected":false},"author":1,"featured_media":0,"comment_status":"open","ping_status":"open","sticky":false,"template":"","format":"standard","meta":{"footnotes":""},"categories":[1],"tags":[],"class_list":["post-1444","post","type-post","status-publish","format-standard","hentry","category-uncategorized"],"_links":{"self":[{"href":"http:\/\/souslemanguier.fr\/WordPress\/index.php?rest_route=\/wp\/v2\/posts\/1444"}],"collection":[{"href":"http:\/\/souslemanguier.fr\/WordPress\/index.php?rest_route=\/wp\/v2\/posts"}],"about":[{"href":"http:\/\/souslemanguier.fr\/WordPress\/index.php?rest_route=\/wp\/v2\/types\/post"}],"author":[{"embeddable":true,"href":"http:\/\/souslemanguier.fr\/WordPress\/index.php?rest_route=\/wp\/v2\/users\/1"}],"replies":[{"embeddable":true,"href":"http:\/\/souslemanguier.fr\/WordPress\/index.php?rest_route=%2Fwp%2Fv2%2Fcomments&post=1444"}],"version-history":[{"count":11,"href":"http:\/\/souslemanguier.fr\/WordPress\/index.php?rest_route=\/wp\/v2\/posts\/1444\/revisions"}],"predecessor-version":[{"id":1456,"href":"http:\/\/souslemanguier.fr\/WordPress\/index.php?rest_route=\/wp\/v2\/posts\/1444\/revisions\/1456"}],"wp:attachment":[{"href":"http:\/\/souslemanguier.fr\/WordPress\/index.php?rest_route=%2Fwp%2Fv2%2Fmedia&parent=1444"}],"wp:term":[{"taxonomy":"category","embeddable":true,"href":"http:\/\/souslemanguier.fr\/WordPress\/index.php?rest_route=%2Fwp%2Fv2%2Fcategories&post=1444"},{"taxonomy":"post_tag","embeddable":true,"href":"http:\/\/souslemanguier.fr\/WordPress\/index.php?rest_route=%2Fwp%2Fv2%2Ftags&post=1444"}],"curies":[{"name":"wp","href":"https:\/\/api.w.org\/{rel}","templated":true}]}}