{"id":1925,"date":"2021-06-03T12:58:45","date_gmt":"2021-06-03T14:58:45","guid":{"rendered":"http:\/\/souslemanguier.fr\/WordPress\/?p=1925"},"modified":"2021-06-04T06:31:01","modified_gmt":"2021-06-04T08:31:01","slug":"formation-des-meres-educatrices-a-bantogdo","status":"publish","type":"post","link":"http:\/\/souslemanguier.fr\/WordPress\/?p=1925","title":{"rendered":"Formation des m\u00e8res \u00e9ducatrices \u00e0 Bantogdo"},"content":{"rendered":"\n<p class=\"has-text-align-center has-light-green-cyan-background-color has-background has-huge-font-size\">Une formation pour les m\u00e8res \u00e9ducatrices \u00e0 l&rsquo;\u00e9cole de Bantogdo<\/p>\n\n\n\n<p class=\"has-medium-font-size\">Message de Fran\u00e7oise Souili :<\/p>\n\n\n\n<p class=\"has-white-background-color has-text-color has-background has-medium-font-size\" style=\"color:#0700a3\">Bonjour Yves.<\/p>\n\n\n\n<p class=\"has-text-color has-medium-font-size\" style=\"color:#0700a3\"> C&rsquo;\u00e9tait le jeudi 27 Mai 2021 je n&rsquo;y \u00e9tais pas pour cause de maladie. Mais Fran\u00e7ois a pu accompagner ces formatrices des m\u00e8res \u00e9ducatrices \u00e0 Bantogdo.<\/p>\n\n\n\n<p class=\"has-text-color has-medium-font-size\" style=\"color:#0700a3\"><strong> <\/strong>C&rsquo;\u00e9tait formidable. 105 m\u00e8res sont sorties. L&rsquo;objet de cette formation \u00e9tait de dynamiser les activit\u00e9s de L&rsquo;AME.<br>Voici quelques images du jour :<\/p>\n\n\n\n<div class=\"wp-block-image\"><figure class=\"aligncenter size-large is-resized\"><a href=\"http:\/\/souslemanguier.fr\/WordPress\/wp-content\/uploads\/2021\/06\/Meres-AME-1-2021-05-31-at-11.59.29.jpeg\"><img loading=\"lazy\" decoding=\"async\" src=\"http:\/\/souslemanguier.fr\/WordPress\/wp-content\/uploads\/2021\/06\/Meres-AME-1-2021-05-31-at-11.59.29.jpeg\" alt=\"\" class=\"wp-image-1937\" width=\"633\" height=\"475\" srcset=\"http:\/\/souslemanguier.fr\/WordPress\/wp-content\/uploads\/2021\/06\/Meres-AME-1-2021-05-31-at-11.59.29.jpeg 1024w, http:\/\/souslemanguier.fr\/WordPress\/wp-content\/uploads\/2021\/06\/Meres-AME-1-2021-05-31-at-11.59.29-300x225.jpeg 300w, http:\/\/souslemanguier.fr\/WordPress\/wp-content\/uploads\/2021\/06\/Meres-AME-1-2021-05-31-at-11.59.29-768x576.jpeg 768w\" sizes=\"(max-width: 633px) 100vw, 633px\" \/><\/a><\/figure><\/div>\n\n\n\n<p><\/p>\n\n\n\n<div class=\"wp-block-image\"><figure class=\"alignleft size-large is-resized\"><a href=\"http:\/\/souslemanguier.fr\/WordPress\/wp-content\/uploads\/2021\/06\/Meres-AME-4-2021-05-31-at-11.59.35.jpeg\"><img loading=\"lazy\" decoding=\"async\" src=\"http:\/\/souslemanguier.fr\/WordPress\/wp-content\/uploads\/2021\/06\/Meres-AME-4-2021-05-31-at-11.59.35.jpeg\" alt=\"\" class=\"wp-image-1938\" width=\"611\" height=\"459\" srcset=\"http:\/\/souslemanguier.fr\/WordPress\/wp-content\/uploads\/2021\/06\/Meres-AME-4-2021-05-31-at-11.59.35.jpeg 1024w, http:\/\/souslemanguier.fr\/WordPress\/wp-content\/uploads\/2021\/06\/Meres-AME-4-2021-05-31-at-11.59.35-300x225.jpeg 300w, http:\/\/souslemanguier.fr\/WordPress\/wp-content\/uploads\/2021\/06\/Meres-AME-4-2021-05-31-at-11.59.35-768x576.jpeg 768w\" sizes=\"(max-width: 611px) 100vw, 611px\" \/><\/a><\/figure><\/div>\n\n\n\n<div class=\"wp-block-image\"><figure class=\"aligncenter size-large is-resized\"><a href=\"http:\/\/souslemanguier.fr\/WordPress\/wp-content\/uploads\/2021\/06\/Meres-AME-7-2021-05-31-at-11.59.42.jpeg\"><img loading=\"lazy\" decoding=\"async\" src=\"http:\/\/souslemanguier.fr\/WordPress\/wp-content\/uploads\/2021\/06\/Meres-AME-7-2021-05-31-at-11.59.42.jpeg\" alt=\"\" class=\"wp-image-1939\" width=\"616\" height=\"462\" srcset=\"http:\/\/souslemanguier.fr\/WordPress\/wp-content\/uploads\/2021\/06\/Meres-AME-7-2021-05-31-at-11.59.42.jpeg 1024w, http:\/\/souslemanguier.fr\/WordPress\/wp-content\/uploads\/2021\/06\/Meres-AME-7-2021-05-31-at-11.59.42-300x225.jpeg 300w, http:\/\/souslemanguier.fr\/WordPress\/wp-content\/uploads\/2021\/06\/Meres-AME-7-2021-05-31-at-11.59.42-768x576.jpeg 768w\" sizes=\"(max-width: 616px) 100vw, 616px\" \/><\/a><\/figure><\/div>\n\n\n\n<p class=\"has-text-align-center has-black-color has-text-color has-background has-large-font-size\" style=\"background-color:#d3e8f6\">Pour avoir toutes les informations sur cette op\u00e9ration qui a permis de r\u00e9unir <strong>105<\/strong> m\u00e8res d&rsquo;\u00e9l\u00e8ves des \u00e9coles A et B de Bantogdo,<strong> chargez les documents ci-dessous :<\/strong><\/p>\n\n\n\n<div class=\"wp-block-file aligncenter\"><a href=\"http:\/\/souslemanguier.fr\/WordPress\/wp-content\/uploads\/2021\/06\/Document-formation-AME-Bantogdo.pdf\"><strong>Document-formation-AME-Bantogdo<\/strong><\/a><a href=\"http:\/\/souslemanguier.fr\/WordPress\/wp-content\/uploads\/2021\/06\/Document-formation-AME-Bantogdo.pdf\" class=\"wp-block-file__button\" download>T\u00e9l\u00e9charger<\/a><\/div>\n\n\n\n<div class=\"wp-block-file aligncenter\"><a href=\"http:\/\/souslemanguier.fr\/WordPress\/wp-content\/uploads\/2021\/06\/Compte-rendu-reunion-AME-27-mai-2021.pdf\"><strong>Compte-rendu-reunion-AME-27-mai-2021<\/strong><\/a><a href=\"http:\/\/souslemanguier.fr\/WordPress\/wp-content\/uploads\/2021\/06\/Compte-rendu-reunion-AME-27-mai-2021.pdf\" class=\"wp-block-file__button\" download>T\u00e9l\u00e9charger<\/a><\/div>\n\n\n\n<p><strong>Merci \u00e0 Fran\u00e7oise et Fran\u00e7ois SOUILI pour le document formation AME Bantogdo<\/strong><\/p>\n\n\n\n<p>Vous y trouverez  clairement expliqu\u00e9e la d\u00e9marche de cette formation organis\u00e9e pour les m\u00e8res des \u00e9l\u00e8ves de l&rsquo;\u00e9cole.<\/p>\n\n\n\n<p>Vous y trouverez aussi le d\u00e9roulement de la journ\u00e9e, les intervenants et le budget d\u00e9taill\u00e9.<\/p>\n\n\n\n<p><strong>Merci \u00e0 Mamadou KONATE pour le compte-rendu de la r\u00e9union.<\/strong> <\/p>\n\n\n\n<p>Il contient des indications pr\u00e9cieuses sur les buts, l&rsquo;utilit\u00e9 et le fonctionnement de l&rsquo;Association des M\u00e8res \u00c9ducatrices de Bantogdo .<\/p>\n\n\n\n<p class=\"has-background has-medium-font-size\" style=\"background-color:#b3f3d9\">     Rappelons l&rsquo;importance des m\u00e8res dans l&rsquo;\u00e9ducation des enfants du village. En motivant les m\u00e8res et en leur donnant les moyens ( y compris financiers ) de s&rsquo;organiser  c&rsquo;est toute la dynamique de l&rsquo;\u00e9cole qui est transform\u00e9e et la scolarisation des \u00e9l\u00e8ves p\u00e9rennis\u00e9e dans de meilleures conditions.<\/p>\n\n\n\n<p class=\"has-text-align-center has-background has-medium-font-size\" style=\"background-color:#a3d587\">Fran\u00e7oise et Fran\u00e7ois Souili sont vraiment extraordinaires d&rsquo;avoir mont\u00e9 cette op\u00e9ration ! Merci \u00e0 eux &#8230;<\/p>\n\n\n\n<div class=\"wp-block-media-text alignwide is-stacked-on-mobile\" style=\"grid-template-columns:24% auto\"><figure class=\"wp-block-media-text__media\"><video controls src=\"http:\/\/souslemanguier.fr\/WordPress\/wp-content\/uploads\/2021\/06\/Bantogdo-Video-AME-2021-05-31-at-11.59.28-1.mp4\"><\/video><\/figure><div class=\"wp-block-media-text__content\">\n<p class=\"has-large-font-size\">Une vid\u00e9o pour vous mettre dans l&rsquo;ambiance de la r\u00e9union et du village !<\/p>\n<\/div><\/div>\n","protected":false},"excerpt":{"rendered":"<p>Une formation pour les m\u00e8res \u00e9ducatrices \u00e0 l&rsquo;\u00e9cole de Bantogdo Message de Fran\u00e7oise Souili : Bonjour Yves. C&rsquo;\u00e9tait le jeudi 27 Mai 2021 je n&rsquo;y \u00e9tais pas pour cause de maladie. Mais Fran\u00e7ois a pu accompagner ces formatrices des m\u00e8res \u00e9ducatrices \u00e0 Bantogdo. C&rsquo;\u00e9tait formidable. 105 m\u00e8res sont sorties. L&rsquo;objet de cette formation \u00e9tait de [&hellip;]<\/p>\n","protected":false},"author":1,"featured_media":0,"comment_status":"open","ping_status":"open","sticky":false,"template":"","format":"standard","meta":{"footnotes":""},"categories":[1],"tags":[],"class_list":["post-1925","post","type-post","status-publish","format-standard","hentry","category-uncategorized"],"_links":{"self":[{"href":"http:\/\/souslemanguier.fr\/WordPress\/index.php?rest_route=\/wp\/v2\/posts\/1925"}],"collection":[{"href":"http:\/\/souslemanguier.fr\/WordPress\/index.php?rest_route=\/wp\/v2\/posts"}],"about":[{"href":"http:\/\/souslemanguier.fr\/WordPress\/index.php?rest_route=\/wp\/v2\/types\/post"}],"author":[{"embeddable":true,"href":"http:\/\/souslemanguier.fr\/WordPress\/index.php?rest_route=\/wp\/v2\/users\/1"}],"replies":[{"embeddable":true,"href":"http:\/\/souslemanguier.fr\/WordPress\/index.php?rest_route=%2Fwp%2Fv2%2Fcomments&post=1925"}],"version-history":[{"count":40,"href":"http:\/\/souslemanguier.fr\/WordPress\/index.php?rest_route=\/wp\/v2\/posts\/1925\/revisions"}],"predecessor-version":[{"id":1974,"href":"http:\/\/souslemanguier.fr\/WordPress\/index.php?rest_route=\/wp\/v2\/posts\/1925\/revisions\/1974"}],"wp:attachment":[{"href":"http:\/\/souslemanguier.fr\/WordPress\/index.php?rest_route=%2Fwp%2Fv2%2Fmedia&parent=1925"}],"wp:term":[{"taxonomy":"category","embeddable":true,"href":"http:\/\/souslemanguier.fr\/WordPress\/index.php?rest_route=%2Fwp%2Fv2%2Fcategories&post=1925"},{"taxonomy":"post_tag","embeddable":true,"href":"http:\/\/souslemanguier.fr\/WordPress\/index.php?rest_route=%2Fwp%2Fv2%2Ftags&post=1925"}],"curies":[{"name":"wp","href":"https:\/\/api.w.org\/{rel}","templated":true}]}}