{"id":2253,"date":"2022-04-28T15:19:36","date_gmt":"2022-04-28T17:19:36","guid":{"rendered":"http:\/\/souslemanguier.fr\/WordPress\/?p=2253"},"modified":"2022-04-28T15:31:39","modified_gmt":"2022-04-28T17:31:39","slug":"les-meres-de-lame-demandent-une-formation","status":"publish","type":"post","link":"http:\/\/souslemanguier.fr\/WordPress\/?p=2253","title":{"rendered":"Les m\u00e8res de l&rsquo;AME demandent une formation"},"content":{"rendered":"\n<p class=\"has-pale-cyan-blue-background-color has-background\" style=\"font-size:56px\">Les m\u00e8res de l&rsquo;AME demandent une formation<\/p>\n\n\n\n<p class=\"has-medium-font-size\">Nous avons re\u00e7u ce message de Fran\u00e7oise et Fran\u00e7ois Souili:<\/p>\n\n\n\n<p class=\"has-text-color has-medium-font-size\" style=\"color:#272665\">Bonjour pr\u00e9sident de l&rsquo;ASLM. Le th\u00e8me de formation de l&rsquo;AME de Bantogdo nous est parvenu hier soir.<br>Autrement formul\u00e9 voici un th\u00e8me que les m\u00e8res souhaiteraient qu&rsquo;on d\u00e9veloppe pour elles.<\/p>\n\n\n\n<p class=\"has-text-color has-medium-font-size\" style=\"color:#272665\">\u00ab\u00a0Quelles strat\u00e9gies adopter pour diminuer et m\u00eame ramener \u00e0 z\u00e9ro le nombre des d\u00e9perditions scolaires des filles.\u00a0\u00bb<\/p>\n\n\n\n<p class=\"has-text-color has-medium-font-size\" style=\"color:#272665\"> Elles ont constat\u00e9 que beaucoup de leurs filles,en classe de CM1,CM2,\u2026 4\u00e8me,3\u00e8me et m\u00eame en seconde abandonnent les classes pour aller travailler dans les maquis dans les grandes villes. C&rsquo;est une perte et de la peine pour elles m\u00e8res. Elles aimeraient y rem\u00e9dier.<br>Fran\u00e7ois et mois appr\u00e9cions la pertinence du th\u00e8me mais attendons votre avis.<\/p>\n\n\n\n<p class=\"has-text-align-center has-medium-font-size\">   <strong>  Vous pouvez consulter ci-dessous le document envoy\u00e9 par nos amis de Ouagadougou.<\/strong><\/p>\n\n\n\n<p class=\"has-text-align-center has-medium-font-size\"><strong>Il formalise la demande des m\u00e8res de l&rsquo;AME pour lutter contre la d\u00e9perdition scolaire des filles qui suivent une scolarit\u00e9 \u00e0 Bantogdo.<\/strong><\/p>\n\n\n\n<p><\/p>\n\n\n\n<div data-wp-interactive=\"core\/file\" class=\"wp-block-file aligncenter\"><object data-wp-bind--hidden=\"!state.hasPdfPreview\"  class=\"wp-block-file__embed\" data=\"http:\/\/souslemanguier.fr\/WordPress\/wp-content\/uploads\/2022\/04\/Document-formation-AME-scolarite-des-filles.pdf\" type=\"application\/pdf\" style=\"width:100%;height:600px\" aria-label=\"Contenu embarqu\u00e9 Contenu embarqu\u00e9 Document-formation-AME-scolarite-des-filles..\"><\/object><a id=\"wp-block-file--media-411ce94d-f170-467c-9ea4-8f33332775f6\" href=\"http:\/\/souslemanguier.fr\/WordPress\/wp-content\/uploads\/2022\/04\/Document-formation-AME-scolarite-des-filles.pdf\">Document-formation-AME-scolarite-des-filles<\/a><a href=\"http:\/\/souslemanguier.fr\/WordPress\/wp-content\/uploads\/2022\/04\/Document-formation-AME-scolarite-des-filles.pdf\" class=\"wp-block-file__button\" download aria-describedby=\"wp-block-file--media-411ce94d-f170-467c-9ea4-8f33332775f6\">T\u00e9l\u00e9charger<\/a><\/div>\n","protected":false},"excerpt":{"rendered":"<p>Les m\u00e8res de l&rsquo;AME demandent une formation Nous avons re\u00e7u ce message de Fran\u00e7oise et Fran\u00e7ois Souili: Bonjour pr\u00e9sident de l&rsquo;ASLM. Le th\u00e8me de formation de l&rsquo;AME de Bantogdo nous est parvenu hier soir.Autrement formul\u00e9 voici un th\u00e8me que les m\u00e8res souhaiteraient qu&rsquo;on d\u00e9veloppe pour elles. \u00ab\u00a0Quelles strat\u00e9gies adopter pour diminuer et m\u00eame ramener \u00e0 [&hellip;]<\/p>\n","protected":false},"author":1,"featured_media":0,"comment_status":"open","ping_status":"open","sticky":false,"template":"","format":"standard","meta":{"footnotes":""},"categories":[1],"tags":[],"class_list":["post-2253","post","type-post","status-publish","format-standard","hentry","category-uncategorized"],"_links":{"self":[{"href":"http:\/\/souslemanguier.fr\/WordPress\/index.php?rest_route=\/wp\/v2\/posts\/2253"}],"collection":[{"href":"http:\/\/souslemanguier.fr\/WordPress\/index.php?rest_route=\/wp\/v2\/posts"}],"about":[{"href":"http:\/\/souslemanguier.fr\/WordPress\/index.php?rest_route=\/wp\/v2\/types\/post"}],"author":[{"embeddable":true,"href":"http:\/\/souslemanguier.fr\/WordPress\/index.php?rest_route=\/wp\/v2\/users\/1"}],"replies":[{"embeddable":true,"href":"http:\/\/souslemanguier.fr\/WordPress\/index.php?rest_route=%2Fwp%2Fv2%2Fcomments&post=2253"}],"version-history":[{"count":11,"href":"http:\/\/souslemanguier.fr\/WordPress\/index.php?rest_route=\/wp\/v2\/posts\/2253\/revisions"}],"predecessor-version":[{"id":2266,"href":"http:\/\/souslemanguier.fr\/WordPress\/index.php?rest_route=\/wp\/v2\/posts\/2253\/revisions\/2266"}],"wp:attachment":[{"href":"http:\/\/souslemanguier.fr\/WordPress\/index.php?rest_route=%2Fwp%2Fv2%2Fmedia&parent=2253"}],"wp:term":[{"taxonomy":"category","embeddable":true,"href":"http:\/\/souslemanguier.fr\/WordPress\/index.php?rest_route=%2Fwp%2Fv2%2Fcategories&post=2253"},{"taxonomy":"post_tag","embeddable":true,"href":"http:\/\/souslemanguier.fr\/WordPress\/index.php?rest_route=%2Fwp%2Fv2%2Ftags&post=2253"}],"curies":[{"name":"wp","href":"https:\/\/api.w.org\/{rel}","templated":true}]}}