{"id":2273,"date":"2022-05-03T05:56:15","date_gmt":"2022-05-03T07:56:15","guid":{"rendered":"http:\/\/souslemanguier.fr\/WordPress\/?p=2273"},"modified":"2022-05-03T15:55:01","modified_gmt":"2022-05-03T17:55:01","slug":"vide-greniers-de-fontet","status":"publish","type":"post","link":"http:\/\/souslemanguier.fr\/WordPress\/?p=2273","title":{"rendered":"Vide-greniers de Fontet"},"content":{"rendered":"\n<p class=\"has-text-align-center has-background has-x-large-font-size\" style=\"background-color:#dafb97\">Dimanche 8 mai vide-greniers de Fontet<\/p>\n\n\n\n<p style=\"font-size:25px\">Apr\u00e8s notre participation au vide-greniers de La R\u00e9ole le 1er mai, nous serons pr\u00e9sents \u00e0 celui de Fontet le 8 mai \u00e0 la base nautique.<\/p>\n\n\n\n<p class=\"has-medium-font-size\">Le vide-greniers de la R\u00e9ole nous a permis de recueillir 145 \u20ac pour l&rsquo;\u00e9cole de Bantogdo ce qui est un bon r\u00e9sulltat.  Souhaitons que celui de Fontet nous permette de soutenir encore mieux les actions pr\u00e9vues dans les \u00e9coles du village.<\/p>\n\n\n\n<p style=\"font-size:23px\">    Rendez-vous \u00e0 07h30 \u00e0 la base nautique de Fontet pour ceux qui veulent participer \u00e0 la mise en place du stand, mais toute aide sera appr\u00e9ci\u00e9e au cours de la journ\u00e9e ! \ud83d\ude42<\/p>\n\n\n\n<p class=\"has-text-align-center\" style=\"font-size:18px\">Nous vous communiquerons prochainement la suite du calendrier des vide-greniers de l&rsquo;\u00e9t\u00e9 2022<\/p>\n\n\n\n<div class=\"wp-block-image is-style-default\"><figure class=\"aligncenter size-large\"><a href=\"http:\/\/souslemanguier.fr\/WordPress\/wp-content\/uploads\/2022\/05\/IMG_20220501_134818-scaled.jpg\"><img loading=\"lazy\" decoding=\"async\" width=\"1024\" height=\"576\" src=\"http:\/\/souslemanguier.fr\/WordPress\/wp-content\/uploads\/2022\/05\/IMG_20220501_134818-1024x576.jpg\" alt=\"\" class=\"wp-image-2279\" srcset=\"http:\/\/souslemanguier.fr\/WordPress\/wp-content\/uploads\/2022\/05\/IMG_20220501_134818-1024x576.jpg 1024w, http:\/\/souslemanguier.fr\/WordPress\/wp-content\/uploads\/2022\/05\/IMG_20220501_134818-300x169.jpg 300w, http:\/\/souslemanguier.fr\/WordPress\/wp-content\/uploads\/2022\/05\/IMG_20220501_134818-768x432.jpg 768w, http:\/\/souslemanguier.fr\/WordPress\/wp-content\/uploads\/2022\/05\/IMG_20220501_134818-1536x864.jpg 1536w, http:\/\/souslemanguier.fr\/WordPress\/wp-content\/uploads\/2022\/05\/IMG_20220501_134818-2048x1152.jpg 2048w\" sizes=\"(max-width: 1024px) 100vw, 1024px\" \/><\/a><figcaption>La R\u00e9ole 1er mai 2022<\/figcaption><\/figure><\/div>\n","protected":false},"excerpt":{"rendered":"<p>Dimanche 8 mai vide-greniers de Fontet Apr\u00e8s notre participation au vide-greniers de La R\u00e9ole le 1er mai, nous serons pr\u00e9sents \u00e0 celui de Fontet le 8 mai \u00e0 la base nautique. Le vide-greniers de la R\u00e9ole nous a permis de recueillir 145 \u20ac pour l&rsquo;\u00e9cole de Bantogdo ce qui est un bon r\u00e9sulltat. Souhaitons que [&hellip;]<\/p>\n","protected":false},"author":1,"featured_media":0,"comment_status":"open","ping_status":"open","sticky":false,"template":"","format":"standard","meta":{"footnotes":""},"categories":[1],"tags":[],"class_list":["post-2273","post","type-post","status-publish","format-standard","hentry","category-uncategorized"],"_links":{"self":[{"href":"http:\/\/souslemanguier.fr\/WordPress\/index.php?rest_route=\/wp\/v2\/posts\/2273"}],"collection":[{"href":"http:\/\/souslemanguier.fr\/WordPress\/index.php?rest_route=\/wp\/v2\/posts"}],"about":[{"href":"http:\/\/souslemanguier.fr\/WordPress\/index.php?rest_route=\/wp\/v2\/types\/post"}],"author":[{"embeddable":true,"href":"http:\/\/souslemanguier.fr\/WordPress\/index.php?rest_route=\/wp\/v2\/users\/1"}],"replies":[{"embeddable":true,"href":"http:\/\/souslemanguier.fr\/WordPress\/index.php?rest_route=%2Fwp%2Fv2%2Fcomments&post=2273"}],"version-history":[{"count":10,"href":"http:\/\/souslemanguier.fr\/WordPress\/index.php?rest_route=\/wp\/v2\/posts\/2273\/revisions"}],"predecessor-version":[{"id":2292,"href":"http:\/\/souslemanguier.fr\/WordPress\/index.php?rest_route=\/wp\/v2\/posts\/2273\/revisions\/2292"}],"wp:attachment":[{"href":"http:\/\/souslemanguier.fr\/WordPress\/index.php?rest_route=%2Fwp%2Fv2%2Fmedia&parent=2273"}],"wp:term":[{"taxonomy":"category","embeddable":true,"href":"http:\/\/souslemanguier.fr\/WordPress\/index.php?rest_route=%2Fwp%2Fv2%2Fcategories&post=2273"},{"taxonomy":"post_tag","embeddable":true,"href":"http:\/\/souslemanguier.fr\/WordPress\/index.php?rest_route=%2Fwp%2Fv2%2Ftags&post=2273"}],"curies":[{"name":"wp","href":"https:\/\/api.w.org\/{rel}","templated":true}]}}