{"id":2320,"date":"2022-05-12T05:27:47","date_gmt":"2022-05-12T07:27:47","guid":{"rendered":"http:\/\/souslemanguier.fr\/WordPress\/?p=2320"},"modified":"2022-05-12T05:43:34","modified_gmt":"2022-05-12T07:43:34","slug":"prochain-vide-grenier-le-12-juin-a-bagas","status":"publish","type":"post","link":"http:\/\/souslemanguier.fr\/WordPress\/?p=2320","title":{"rendered":"Prochain vide-grenier le 12 juin \u00e0 Bagas"},"content":{"rendered":"\n<p class=\"has-text-align-center has-background has-x-large-font-size\" style=\"background-color:#ebb67f\">Prochain vide-grenier le 12 juin \u00e0 Bagas<\/p>\n\n\n\n<p class=\"has-medium-font-size\">Le vide-grenier du 8 mai \u00e0 la base nautique de Fontet, auquel ont particip\u00e9 une douzaine de membres de l&rsquo;association, a permis de <strong>r\u00e9colter 225 \u20ac <\/strong>pour les futures actions \u00e0 mener \u00e0 Bantogdo. <\/p>\n\n\n\n<p class=\"has-medium-font-size\">En deux vide-grenier nous avons r\u00e9uni une somme suffisante pour la lancer la formation des m\u00e8res de l&rsquo;AME sur le sujet de la \u00ab\u00a0d\u00e9perdition scolaire\u00a0\u00bb des filles&#8230; pas mal !<\/p>\n\n\n\n<p class=\"has-text-align-center has-large-font-size\">Notez sur vos tablettes : prochain vide-grenier le 12 juin \u00e0 Bagas !  \ud83d\ude42<\/p>\n","protected":false},"excerpt":{"rendered":"<p>Prochain vide-grenier le 12 juin \u00e0 Bagas Le vide-grenier du 8 mai \u00e0 la base nautique de Fontet, auquel ont particip\u00e9 une douzaine de membres de l&rsquo;association, a permis de r\u00e9colter 225 \u20ac pour les futures actions \u00e0 mener \u00e0 Bantogdo. En deux vide-grenier nous avons r\u00e9uni une somme suffisante pour la lancer la formation [&hellip;]<\/p>\n","protected":false},"author":1,"featured_media":0,"comment_status":"open","ping_status":"open","sticky":false,"template":"","format":"standard","meta":{"footnotes":""},"categories":[1],"tags":[],"class_list":["post-2320","post","type-post","status-publish","format-standard","hentry","category-uncategorized"],"_links":{"self":[{"href":"http:\/\/souslemanguier.fr\/WordPress\/index.php?rest_route=\/wp\/v2\/posts\/2320"}],"collection":[{"href":"http:\/\/souslemanguier.fr\/WordPress\/index.php?rest_route=\/wp\/v2\/posts"}],"about":[{"href":"http:\/\/souslemanguier.fr\/WordPress\/index.php?rest_route=\/wp\/v2\/types\/post"}],"author":[{"embeddable":true,"href":"http:\/\/souslemanguier.fr\/WordPress\/index.php?rest_route=\/wp\/v2\/users\/1"}],"replies":[{"embeddable":true,"href":"http:\/\/souslemanguier.fr\/WordPress\/index.php?rest_route=%2Fwp%2Fv2%2Fcomments&post=2320"}],"version-history":[{"count":9,"href":"http:\/\/souslemanguier.fr\/WordPress\/index.php?rest_route=\/wp\/v2\/posts\/2320\/revisions"}],"predecessor-version":[{"id":2329,"href":"http:\/\/souslemanguier.fr\/WordPress\/index.php?rest_route=\/wp\/v2\/posts\/2320\/revisions\/2329"}],"wp:attachment":[{"href":"http:\/\/souslemanguier.fr\/WordPress\/index.php?rest_route=%2Fwp%2Fv2%2Fmedia&parent=2320"}],"wp:term":[{"taxonomy":"category","embeddable":true,"href":"http:\/\/souslemanguier.fr\/WordPress\/index.php?rest_route=%2Fwp%2Fv2%2Fcategories&post=2320"},{"taxonomy":"post_tag","embeddable":true,"href":"http:\/\/souslemanguier.fr\/WordPress\/index.php?rest_route=%2Fwp%2Fv2%2Ftags&post=2320"}],"curies":[{"name":"wp","href":"https:\/\/api.w.org\/{rel}","templated":true}]}}