{"id":2330,"date":"2022-05-12T06:33:32","date_gmt":"2022-05-12T08:33:32","guid":{"rendered":"http:\/\/souslemanguier.fr\/WordPress\/?p=2330"},"modified":"2022-05-31T06:09:40","modified_gmt":"2022-05-31T08:09:40","slug":"preparation-de-lassemblee-generale-2022-de-sous-le-manguier","status":"publish","type":"post","link":"http:\/\/souslemanguier.fr\/WordPress\/?p=2330","title":{"rendered":"Pr\u00e9paration de l&rsquo;assembl\u00e9e g\u00e9n\u00e9rale 2022 de \u00ab\u00a0Sous le manguier\u00a0\u00bb"},"content":{"rendered":"\n<p class=\"has-text-align-center has-light-green-cyan-background-color has-background has-x-large-font-size\">Assembl\u00e9e g\u00e9n\u00e9rale de \u00ab\u00a0Sous le manguier\u00a0\u00bb mercredi 22 juin \u00e0 17h00.<\/p>\n\n\n\n<p class=\"has-text-align-center has-medium-font-size\"><\/p>\n\n\n\n<p class=\"has-text-align-center has-medium-font-size\"><\/p>\n\n\n\n<p class=\"has-text-align-center\" style=\"font-size:30px\"><br><strong>G\u00e9rard et Mai<\/strong> nous accueillerons \u00e0 leur domicile \u00e0 <strong>Bagas<\/strong> (33190), comme l&rsquo;ann\u00e9e derni\u00e8re, et il fera beau pour que nous puissions profiter des ombrages agr\u00e9ables de leur jardin !<\/p>\n\n\n\n<p class=\"has-text-align-center has-medium-font-size\">Nous avons pr\u00e9vu de nous retrouver \u00e0 <strong>17h00<\/strong> pour avoir le temps de faire la partie r\u00e9glementaire, puis de discuter de nos actions futures ici et \u00e0 Bantogdo.<\/p>\n\n\n\n<p class=\"has-text-align-center has-text-color has-medium-font-size\" style=\"color:#078c24\"><strong>Ensuite nous partagerons un repas de type auberge espagnole pour finir agr\u00e9ablement la soir\u00e9e \ud83d\ude42<\/strong><\/p>\n\n\n\n<pre class=\"wp-block-preformatted\"><\/pre>\n\n\n\n<p><\/p>\n","protected":false},"excerpt":{"rendered":"<p>Assembl\u00e9e g\u00e9n\u00e9rale de \u00ab\u00a0Sous le manguier\u00a0\u00bb mercredi 22 juin \u00e0 17h00. G\u00e9rard et Mai nous accueillerons \u00e0 leur domicile \u00e0 Bagas (33190), comme l&rsquo;ann\u00e9e derni\u00e8re, et il fera beau pour que nous puissions profiter des ombrages agr\u00e9ables de leur jardin ! Nous avons pr\u00e9vu de nous retrouver \u00e0 17h00 pour avoir le temps de faire [&hellip;]<\/p>\n","protected":false},"author":1,"featured_media":0,"comment_status":"open","ping_status":"open","sticky":false,"template":"","format":"standard","meta":{"footnotes":""},"categories":[1],"tags":[],"class_list":["post-2330","post","type-post","status-publish","format-standard","hentry","category-uncategorized"],"_links":{"self":[{"href":"http:\/\/souslemanguier.fr\/WordPress\/index.php?rest_route=\/wp\/v2\/posts\/2330"}],"collection":[{"href":"http:\/\/souslemanguier.fr\/WordPress\/index.php?rest_route=\/wp\/v2\/posts"}],"about":[{"href":"http:\/\/souslemanguier.fr\/WordPress\/index.php?rest_route=\/wp\/v2\/types\/post"}],"author":[{"embeddable":true,"href":"http:\/\/souslemanguier.fr\/WordPress\/index.php?rest_route=\/wp\/v2\/users\/1"}],"replies":[{"embeddable":true,"href":"http:\/\/souslemanguier.fr\/WordPress\/index.php?rest_route=%2Fwp%2Fv2%2Fcomments&post=2330"}],"version-history":[{"count":16,"href":"http:\/\/souslemanguier.fr\/WordPress\/index.php?rest_route=\/wp\/v2\/posts\/2330\/revisions"}],"predecessor-version":[{"id":2354,"href":"http:\/\/souslemanguier.fr\/WordPress\/index.php?rest_route=\/wp\/v2\/posts\/2330\/revisions\/2354"}],"wp:attachment":[{"href":"http:\/\/souslemanguier.fr\/WordPress\/index.php?rest_route=%2Fwp%2Fv2%2Fmedia&parent=2330"}],"wp:term":[{"taxonomy":"category","embeddable":true,"href":"http:\/\/souslemanguier.fr\/WordPress\/index.php?rest_route=%2Fwp%2Fv2%2Fcategories&post=2330"},{"taxonomy":"post_tag","embeddable":true,"href":"http:\/\/souslemanguier.fr\/WordPress\/index.php?rest_route=%2Fwp%2Fv2%2Ftags&post=2330"}],"curies":[{"name":"wp","href":"https:\/\/api.w.org\/{rel}","templated":true}]}}