{"id":2703,"date":"2023-06-12T17:51:02","date_gmt":"2023-06-12T19:51:02","guid":{"rendered":"http:\/\/souslemanguier.fr\/WordPress\/?p=2703"},"modified":"2023-06-12T18:12:37","modified_gmt":"2023-06-12T20:12:37","slug":"vide-grenier-de-castets-et-castillon","status":"publish","type":"post","link":"http:\/\/souslemanguier.fr\/WordPress\/?p=2703","title":{"rendered":"Vide grenier de Castets et Castillon"},"content":{"rendered":"\n<p class=\"has-text-align-center has-background has-x-large-font-size\" style=\"background-color:#fdeaa6\">Vide grenier de Castets et Castillon le 11 juin 2023<\/p>\n\n\n\n<p class=\"has-medium-font-size\">Nous \u00e9tions pr\u00e9sents au vide grenier de Castets et Castillon ce dimanche. Parfaitement install\u00e9s, \u00e0 l&rsquo;ombre toute la journ\u00e9e, dans le cadre fort agr\u00e9able des bords du canal entre les 2 premi\u00e8res \u00e9cluses.<\/p>\n\n\n\n<p class=\"has-medium-font-size\"><strong>Nous avons gagn\u00e9 143 \u20ac <\/strong>auxquels nous devons ajouter les 20 \u20ac d&rsquo;un don (involontaire ?) Un r\u00e9sultat moyen, mais une ambiance excellente toute la journ\u00e9e. <\/p>\n\n\n\n<p class=\"has-medium-font-size\">Des participants efficaces de notre arriv\u00e9 jusqu&rsquo;au moment de replier le stand.<\/p>\n\n\n\n<p class=\"has-text-align-center has-text-color\" style=\"color:#01670d;font-size:22px\">Merci \u00e0 tous, vous qui \u00e9tiez pr\u00e9sents \u00e0 Mij\u00e9ma le 4 juin, et\/ou \u00e0 Castets le 11 et \u00e0 ceux qui viendront le 2 juillet !<\/p>\n\n\n\n<p class=\"has-large-font-size\">Notez sur vos tablettes :<\/p>\n\n\n\n<p class=\"has-text-align-center has-text-color\" style=\"color:#480707;font-size:30px\"><strong>Prochain vide-grenier le 2 juillet 2023<\/strong> dans un endroit aussi agr\u00e9able : le site de<strong> Pujols-sur-Ciron<\/strong><\/p>\n\n\n\n<p class=\"has-text-align-center has-text-color\" style=\"color:#480707;font-size:30px\"> au bord de la plus belle des rivi\u00e8res : le Ciron &#x1f60a; !<\/p>\n\n\n\n<p>Castets et Castillon le 11 juin 2023<\/p>\n\n\n<div class=\"wp-block-image is-style-default\">\n<figure class=\"aligncenter size-large\"><a href=\"http:\/\/souslemanguier.fr\/WordPress\/wp-content\/uploads\/2023\/06\/Vide-grenier-de-Castets.jpg\"><img loading=\"lazy\" decoding=\"async\" width=\"1024\" height=\"576\" src=\"http:\/\/souslemanguier.fr\/WordPress\/wp-content\/uploads\/2023\/06\/Vide-grenier-de-Castets-1024x576.jpg\" alt=\"\" class=\"wp-image-2715\" srcset=\"http:\/\/souslemanguier.fr\/WordPress\/wp-content\/uploads\/2023\/06\/Vide-grenier-de-Castets-1024x576.jpg 1024w, http:\/\/souslemanguier.fr\/WordPress\/wp-content\/uploads\/2023\/06\/Vide-grenier-de-Castets-300x169.jpg 300w, http:\/\/souslemanguier.fr\/WordPress\/wp-content\/uploads\/2023\/06\/Vide-grenier-de-Castets-768x432.jpg 768w, http:\/\/souslemanguier.fr\/WordPress\/wp-content\/uploads\/2023\/06\/Vide-grenier-de-Castets.jpg 1250w\" sizes=\"(max-width: 1024px) 100vw, 1024px\" \/><\/a><\/figure><\/div>\n\n\n<p><\/p>\n","protected":false},"excerpt":{"rendered":"<p>Vide grenier de Castets et Castillon le 11 juin 2023 Nous \u00e9tions pr\u00e9sents au vide grenier de Castets et Castillon ce dimanche. Parfaitement install\u00e9s, \u00e0 l&rsquo;ombre toute la journ\u00e9e, dans le cadre fort agr\u00e9able des bords du canal entre les 2 premi\u00e8res \u00e9cluses. Nous avons gagn\u00e9 143 \u20ac auxquels nous devons ajouter les 20 \u20ac [&hellip;]<\/p>\n","protected":false},"author":1,"featured_media":0,"comment_status":"open","ping_status":"open","sticky":false,"template":"","format":"standard","meta":{"footnotes":""},"categories":[1],"tags":[],"class_list":["post-2703","post","type-post","status-publish","format-standard","hentry","category-uncategorized"],"_links":{"self":[{"href":"http:\/\/souslemanguier.fr\/WordPress\/index.php?rest_route=\/wp\/v2\/posts\/2703"}],"collection":[{"href":"http:\/\/souslemanguier.fr\/WordPress\/index.php?rest_route=\/wp\/v2\/posts"}],"about":[{"href":"http:\/\/souslemanguier.fr\/WordPress\/index.php?rest_route=\/wp\/v2\/types\/post"}],"author":[{"embeddable":true,"href":"http:\/\/souslemanguier.fr\/WordPress\/index.php?rest_route=\/wp\/v2\/users\/1"}],"replies":[{"embeddable":true,"href":"http:\/\/souslemanguier.fr\/WordPress\/index.php?rest_route=%2Fwp%2Fv2%2Fcomments&post=2703"}],"version-history":[{"count":17,"href":"http:\/\/souslemanguier.fr\/WordPress\/index.php?rest_route=\/wp\/v2\/posts\/2703\/revisions"}],"predecessor-version":[{"id":2721,"href":"http:\/\/souslemanguier.fr\/WordPress\/index.php?rest_route=\/wp\/v2\/posts\/2703\/revisions\/2721"}],"wp:attachment":[{"href":"http:\/\/souslemanguier.fr\/WordPress\/index.php?rest_route=%2Fwp%2Fv2%2Fmedia&parent=2703"}],"wp:term":[{"taxonomy":"category","embeddable":true,"href":"http:\/\/souslemanguier.fr\/WordPress\/index.php?rest_route=%2Fwp%2Fv2%2Fcategories&post=2703"},{"taxonomy":"post_tag","embeddable":true,"href":"http:\/\/souslemanguier.fr\/WordPress\/index.php?rest_route=%2Fwp%2Fv2%2Ftags&post=2703"}],"curies":[{"name":"wp","href":"https:\/\/api.w.org\/{rel}","templated":true}]}}