{"id":2723,"date":"2023-06-18T15:24:46","date_gmt":"2023-06-18T17:24:46","guid":{"rendered":"http:\/\/souslemanguier.fr\/WordPress\/?p=2723"},"modified":"2023-06-18T15:35:02","modified_gmt":"2023-06-18T17:35:02","slug":"compte-rendu-de-lassemblee-generale-2023","status":"publish","type":"post","link":"http:\/\/souslemanguier.fr\/WordPress\/?p=2723","title":{"rendered":"Compte-rendu de l&rsquo;assembl\u00e9e g\u00e9n\u00e9rale 2023"},"content":{"rendered":"\n<p class=\"has-text-align-center has-pale-cyan-blue-background-color has-background has-x-large-font-size\">Compte-rendu de l&rsquo;assembl\u00e9e g\u00e9n\u00e9rale 2023<\/p>\n\n\n\n<p class=\"has-medium-font-size\">Vous trouverez ci-dessous en consultation et en t\u00e9l\u00e9chargement le compte-rendu de l&rsquo;assembl\u00e9e g\u00e9n\u00e9rale de notre association \u00ab\u00a0Sous le manguier\u00a0\u00bb qui s&rsquo;est tenue le 2 juin 2023 \u00e0 17h00 \u00e0 Bagas chez Mai et G\u00e9rard.<\/p>\n\n\n\n<div data-wp-interactive=\"core\/file\" class=\"wp-block-file aligncenter\"><object data-wp-bind--hidden=\"!state.hasPdfPreview\"  class=\"wp-block-file__embed\" data=\"http:\/\/souslemanguier.fr\/WordPress\/wp-content\/uploads\/2023\/06\/Compte-rendu-AG-du-2-juin-2023.pdf\" type=\"application\/pdf\" style=\"width:100%;height:510px\" aria-label=\"Contenu embarqu\u00e9 Compte-rendu-AG-du-2-juin-2023.\"><\/object><a id=\"wp-block-file--media-3728a15d-c04f-434b-9709-c4fc0b49b566\" href=\"http:\/\/souslemanguier.fr\/WordPress\/wp-content\/uploads\/2023\/06\/Compte-rendu-AG-du-2-juin-2023.pdf\">Compte-rendu-AG-du-2-juin-2023<\/a><a href=\"http:\/\/souslemanguier.fr\/WordPress\/wp-content\/uploads\/2023\/06\/Compte-rendu-AG-du-2-juin-2023.pdf\" class=\"wp-block-file__button wp-element-button\" download aria-describedby=\"wp-block-file--media-3728a15d-c04f-434b-9709-c4fc0b49b566\">T\u00e9l\u00e9charger<\/a><\/div>\n","protected":false},"excerpt":{"rendered":"<p>Compte-rendu de l&rsquo;assembl\u00e9e g\u00e9n\u00e9rale 2023 Vous trouverez ci-dessous en consultation et en t\u00e9l\u00e9chargement le compte-rendu de l&rsquo;assembl\u00e9e g\u00e9n\u00e9rale de notre association \u00ab\u00a0Sous le manguier\u00a0\u00bb qui s&rsquo;est tenue le 2 juin 2023 \u00e0 17h00 \u00e0 Bagas chez Mai et G\u00e9rard.<\/p>\n","protected":false},"author":1,"featured_media":0,"comment_status":"open","ping_status":"open","sticky":false,"template":"","format":"standard","meta":{"footnotes":""},"categories":[1],"tags":[],"class_list":["post-2723","post","type-post","status-publish","format-standard","hentry","category-uncategorized"],"_links":{"self":[{"href":"http:\/\/souslemanguier.fr\/WordPress\/index.php?rest_route=\/wp\/v2\/posts\/2723"}],"collection":[{"href":"http:\/\/souslemanguier.fr\/WordPress\/index.php?rest_route=\/wp\/v2\/posts"}],"about":[{"href":"http:\/\/souslemanguier.fr\/WordPress\/index.php?rest_route=\/wp\/v2\/types\/post"}],"author":[{"embeddable":true,"href":"http:\/\/souslemanguier.fr\/WordPress\/index.php?rest_route=\/wp\/v2\/users\/1"}],"replies":[{"embeddable":true,"href":"http:\/\/souslemanguier.fr\/WordPress\/index.php?rest_route=%2Fwp%2Fv2%2Fcomments&post=2723"}],"version-history":[{"count":9,"href":"http:\/\/souslemanguier.fr\/WordPress\/index.php?rest_route=\/wp\/v2\/posts\/2723\/revisions"}],"predecessor-version":[{"id":2733,"href":"http:\/\/souslemanguier.fr\/WordPress\/index.php?rest_route=\/wp\/v2\/posts\/2723\/revisions\/2733"}],"wp:attachment":[{"href":"http:\/\/souslemanguier.fr\/WordPress\/index.php?rest_route=%2Fwp%2Fv2%2Fmedia&parent=2723"}],"wp:term":[{"taxonomy":"category","embeddable":true,"href":"http:\/\/souslemanguier.fr\/WordPress\/index.php?rest_route=%2Fwp%2Fv2%2Fcategories&post=2723"},{"taxonomy":"post_tag","embeddable":true,"href":"http:\/\/souslemanguier.fr\/WordPress\/index.php?rest_route=%2Fwp%2Fv2%2Ftags&post=2723"}],"curies":[{"name":"wp","href":"https:\/\/api.w.org\/{rel}","templated":true}]}}