{"id":2769,"date":"2023-09-06T08:05:08","date_gmt":"2023-09-06T10:05:08","guid":{"rendered":"http:\/\/souslemanguier.fr\/WordPress\/?p=2769"},"modified":"2023-09-06T08:22:16","modified_gmt":"2023-09-06T10:22:16","slug":"vide-greniers-de-lete-2023","status":"publish","type":"post","link":"http:\/\/souslemanguier.fr\/WordPress\/?p=2769","title":{"rendered":"Vide-greniers de l&rsquo;\u00e9t\u00e9 2023"},"content":{"rendered":"\n<p class=\"has-text-align-center has-background\" style=\"background-color:#7bdbb57a;font-size:45px\">Le point sur les vide-greniers de l&rsquo;\u00e9t\u00e9 2023<\/p>\n\n\n\n<p class=\"has-text-align-center has-medium-font-size\">Bon r\u00e9sultat du vide-greniers de Fontet : <strong>notre b\u00e9n\u00e9fice net est : 270,00 \u20ac<\/strong><br><br>Participation d&rsquo;une bonne quinzaine de membres de l&rsquo;association SLM dans un ambiance tr\u00e8s conviviale et&#8230; sous le soleil &#x1f605;.<br><br>Petit r\u00e9capitulatif des vide-greniers de l&rsquo;\u00e9t\u00e9 :<br>&#8211; LaR\u00e9ole Mij\u00e9ma&nbsp;&nbsp; (04-06-23)&nbsp; &nbsp; &nbsp; &nbsp; 145 \u20ac<br>-Castets-et-Castillon (11-06-23)&nbsp;&nbsp;&nbsp;&nbsp; 160 \u20ac<br>-Pujols-sur-Ciron&nbsp;&nbsp; (02-07-23)&nbsp;&nbsp;&nbsp;&nbsp;&nbsp;&nbsp;&nbsp;&nbsp; 225 \u20ac<br>-Auriac-sur-Drot&nbsp;&nbsp;&nbsp; (20-08-23)&nbsp;&nbsp;&nbsp;&nbsp;&nbsp;&nbsp;&nbsp;&nbsp; 203 \u20ac<br>&#8211; Fontet&nbsp;&nbsp;&nbsp;&nbsp;&nbsp;&nbsp;&nbsp;&nbsp;&nbsp;&nbsp;&nbsp;&nbsp;&nbsp;&nbsp; (03-09-23)&nbsp;&nbsp;&nbsp;&nbsp;&nbsp;&nbsp;&nbsp;&nbsp;&nbsp;&nbsp;&nbsp; 270 \u20ac<br><br><strong>Le b\u00e9n\u00e9fice net de cette activit\u00e9 pour cette saison est pour l&rsquo;instant de 1003 \u20ac<\/strong> pour l&rsquo;\u00e9cole de Bantogdo.<br><br>Et comme nous sommes sur une courbe plut\u00f4t ascendante il va falloir se motiver pour continuer !&#x1f609;<br><br>Un grand merci \u00e0 tous ceux qui se sont mobilis\u00e9s au long de ces manifestations, <\/p>\n\n\n\n<p class=\"has-text-align-center has-medium-font-size\">ceux qui ont approvisionn\u00e9 notre stock par des dons,<br>ceux qui ont particip\u00e9 \u00e0 la logistique, ceux qui se sont lev\u00e9s t\u00f4t pour assurer le montage des stands,<br>ceux qui ont eu la patience d&rsquo;attendre le client et de le pousser \u00e0 l&rsquo;achat pour la bonne cause, ceux qui nous ont tenu compagnie dans la bonne humeur,<br>&nbsp;ceux qui ont agr\u00e9ment\u00e9 nos repas pris en commun, ceux qui ont particip\u00e9 aux d\u00e9montages et j&rsquo;en oublie certainement &#x1f928;.<br><br>Une pens\u00e9e \u00e9mue pour Marie-Claude, son \u00e9nergie, sa bonne humeur communicative et ses reportages photos,&nbsp;elle avait commenc\u00e9 la saison des vide-greniers avec nous&#8230;<\/p>\n\n\n\n<p class=\"has-text-align-center\">Notre installation \u00e0 Fontet le 3 septembre 2023<\/p>\n\n\n<div class=\"wp-block-image is-style-default\">\n<figure class=\"aligncenter size-large\"><a href=\"http:\/\/souslemanguier.fr\/WordPress\/wp-content\/uploads\/2023\/09\/IMG_20230903_121335-scaled.jpg\"><img loading=\"lazy\" decoding=\"async\" width=\"1024\" height=\"578\" src=\"http:\/\/souslemanguier.fr\/WordPress\/wp-content\/uploads\/2023\/09\/IMG_20230903_121335-1024x578.jpg\" alt=\"\" class=\"wp-image-2777\" srcset=\"http:\/\/souslemanguier.fr\/WordPress\/wp-content\/uploads\/2023\/09\/IMG_20230903_121335-1024x578.jpg 1024w, http:\/\/souslemanguier.fr\/WordPress\/wp-content\/uploads\/2023\/09\/IMG_20230903_121335-300x169.jpg 300w, http:\/\/souslemanguier.fr\/WordPress\/wp-content\/uploads\/2023\/09\/IMG_20230903_121335-768x434.jpg 768w, http:\/\/souslemanguier.fr\/WordPress\/wp-content\/uploads\/2023\/09\/IMG_20230903_121335-1536x867.jpg 1536w, http:\/\/souslemanguier.fr\/WordPress\/wp-content\/uploads\/2023\/09\/IMG_20230903_121335-2048x1157.jpg 2048w\" sizes=\"(max-width: 1024px) 100vw, 1024px\" \/><\/a><\/figure><\/div>\n\n\n<p class=\"has-text-align-center\">La pause repas<\/p>\n\n\n<div class=\"wp-block-image is-style-default\">\n<figure class=\"aligncenter size-large\"><a href=\"http:\/\/souslemanguier.fr\/WordPress\/wp-content\/uploads\/2023\/09\/IMG_20230903_130136-scaled.jpg\"><img loading=\"lazy\" decoding=\"async\" width=\"1024\" height=\"578\" src=\"http:\/\/souslemanguier.fr\/WordPress\/wp-content\/uploads\/2023\/09\/IMG_20230903_130136-1024x578.jpg\" alt=\"\" class=\"wp-image-2776\" srcset=\"http:\/\/souslemanguier.fr\/WordPress\/wp-content\/uploads\/2023\/09\/IMG_20230903_130136-1024x578.jpg 1024w, http:\/\/souslemanguier.fr\/WordPress\/wp-content\/uploads\/2023\/09\/IMG_20230903_130136-300x169.jpg 300w, http:\/\/souslemanguier.fr\/WordPress\/wp-content\/uploads\/2023\/09\/IMG_20230903_130136-768x434.jpg 768w, http:\/\/souslemanguier.fr\/WordPress\/wp-content\/uploads\/2023\/09\/IMG_20230903_130136-1536x867.jpg 1536w, http:\/\/souslemanguier.fr\/WordPress\/wp-content\/uploads\/2023\/09\/IMG_20230903_130136-2048x1157.jpg 2048w\" sizes=\"(max-width: 1024px) 100vw, 1024px\" \/><\/a><\/figure><\/div>\n\n\n<p class=\"has-text-align-center\">Le retour de la mission \u00ab\u00a0caf\u00e9\u00a0\u00bb<\/p>\n\n\n<div class=\"wp-block-image is-style-default\">\n<figure class=\"aligncenter size-large\"><a href=\"http:\/\/souslemanguier.fr\/WordPress\/wp-content\/uploads\/2023\/09\/IMG_20230903_133044-scaled.jpg\"><img loading=\"lazy\" decoding=\"async\" width=\"1024\" height=\"578\" src=\"http:\/\/souslemanguier.fr\/WordPress\/wp-content\/uploads\/2023\/09\/IMG_20230903_133044-1024x578.jpg\" alt=\"\" class=\"wp-image-2775\" srcset=\"http:\/\/souslemanguier.fr\/WordPress\/wp-content\/uploads\/2023\/09\/IMG_20230903_133044-1024x578.jpg 1024w, http:\/\/souslemanguier.fr\/WordPress\/wp-content\/uploads\/2023\/09\/IMG_20230903_133044-300x169.jpg 300w, http:\/\/souslemanguier.fr\/WordPress\/wp-content\/uploads\/2023\/09\/IMG_20230903_133044-768x434.jpg 768w, http:\/\/souslemanguier.fr\/WordPress\/wp-content\/uploads\/2023\/09\/IMG_20230903_133044-1536x867.jpg 1536w, http:\/\/souslemanguier.fr\/WordPress\/wp-content\/uploads\/2023\/09\/IMG_20230903_133044-2048x1157.jpg 2048w\" sizes=\"(max-width: 1024px) 100vw, 1024px\" \/><\/a><\/figure><\/div>","protected":false},"excerpt":{"rendered":"<p>Le point sur les vide-greniers de l&rsquo;\u00e9t\u00e9 2023 Bon r\u00e9sultat du vide-greniers de Fontet : notre b\u00e9n\u00e9fice net est : 270,00 \u20ac Participation d&rsquo;une bonne quinzaine de membres de l&rsquo;association SLM dans un ambiance tr\u00e8s conviviale et&#8230; sous le soleil &#x1f605;. Petit r\u00e9capitulatif des vide-greniers de l&rsquo;\u00e9t\u00e9 :&#8211; LaR\u00e9ole Mij\u00e9ma&nbsp;&nbsp; (04-06-23)&nbsp; &nbsp; &nbsp; &nbsp; 145 [&hellip;]<\/p>\n","protected":false},"author":1,"featured_media":0,"comment_status":"open","ping_status":"open","sticky":false,"template":"","format":"standard","meta":{"footnotes":""},"categories":[1],"tags":[],"class_list":["post-2769","post","type-post","status-publish","format-standard","hentry","category-uncategorized"],"_links":{"self":[{"href":"http:\/\/souslemanguier.fr\/WordPress\/index.php?rest_route=\/wp\/v2\/posts\/2769"}],"collection":[{"href":"http:\/\/souslemanguier.fr\/WordPress\/index.php?rest_route=\/wp\/v2\/posts"}],"about":[{"href":"http:\/\/souslemanguier.fr\/WordPress\/index.php?rest_route=\/wp\/v2\/types\/post"}],"author":[{"embeddable":true,"href":"http:\/\/souslemanguier.fr\/WordPress\/index.php?rest_route=\/wp\/v2\/users\/1"}],"replies":[{"embeddable":true,"href":"http:\/\/souslemanguier.fr\/WordPress\/index.php?rest_route=%2Fwp%2Fv2%2Fcomments&post=2769"}],"version-history":[{"count":10,"href":"http:\/\/souslemanguier.fr\/WordPress\/index.php?rest_route=\/wp\/v2\/posts\/2769\/revisions"}],"predecessor-version":[{"id":2783,"href":"http:\/\/souslemanguier.fr\/WordPress\/index.php?rest_route=\/wp\/v2\/posts\/2769\/revisions\/2783"}],"wp:attachment":[{"href":"http:\/\/souslemanguier.fr\/WordPress\/index.php?rest_route=%2Fwp%2Fv2%2Fmedia&parent=2769"}],"wp:term":[{"taxonomy":"category","embeddable":true,"href":"http:\/\/souslemanguier.fr\/WordPress\/index.php?rest_route=%2Fwp%2Fv2%2Fcategories&post=2769"},{"taxonomy":"post_tag","embeddable":true,"href":"http:\/\/souslemanguier.fr\/WordPress\/index.php?rest_route=%2Fwp%2Fv2%2Ftags&post=2769"}],"curies":[{"name":"wp","href":"https:\/\/api.w.org\/{rel}","templated":true}]}}