{"id":3057,"date":"2024-10-06T07:35:40","date_gmt":"2024-10-06T09:35:40","guid":{"rendered":"http:\/\/souslemanguier.fr\/WordPress\/?p=3057"},"modified":"2024-10-06T07:57:10","modified_gmt":"2024-10-06T09:57:10","slug":"concert-de-soutien-a-lecole-de-bantogdo-a-st-hilaire-le-16-novembre","status":"publish","type":"post","link":"http:\/\/souslemanguier.fr\/WordPress\/?p=3057","title":{"rendered":"Concert de soutien \u00e0 l&rsquo;\u00e9cole de Bantogdo \u00e0 St Hilaire le 16 novembre"},"content":{"rendered":"\n<p class=\"has-text-align-center has-background\" style=\"background-color:#f78da8a6;font-size:50px\"><strong>Concert de soutien \u00e0 l&rsquo;\u00e9cole de Bantogdo le 16 novembre \u00e0 St Hilaire<\/strong><\/p>\n\n\n\n<p class=\"has-text-align-center has-large-font-size\"><strong>A 20h30 le samedi 16 novembre 2024 \u00e0 la salle des f\u00eates de St Hilaire de la Noaille l&rsquo;association &lsquo;Sous le manguier&rsquo; pr\u00e9sente :<\/strong><\/p>\n\n\n<div class=\"wp-block-image\">\n<figure class=\"aligncenter size-full is-resized\"><a href=\"http:\/\/souslemanguier.fr\/WordPress\/wp-content\/uploads\/2024\/10\/2024-10-05_15h56_07.png\"><img loading=\"lazy\" decoding=\"async\" width=\"749\" height=\"743\" src=\"http:\/\/souslemanguier.fr\/WordPress\/wp-content\/uploads\/2024\/10\/2024-10-05_15h56_07.png\" alt=\"\" class=\"wp-image-3062\" style=\"width:521px;height:auto\" srcset=\"http:\/\/souslemanguier.fr\/WordPress\/wp-content\/uploads\/2024\/10\/2024-10-05_15h56_07.png 749w, http:\/\/souslemanguier.fr\/WordPress\/wp-content\/uploads\/2024\/10\/2024-10-05_15h56_07-300x298.png 300w, http:\/\/souslemanguier.fr\/WordPress\/wp-content\/uploads\/2024\/10\/2024-10-05_15h56_07-150x150.png 150w\" sizes=\"(max-width: 749px) 100vw, 749px\" \/><\/a><\/figure><\/div>\n\n\n<p class=\"has-text-align-center has-large-font-size\">Un groupe vocal et instrumental de 13 chanteurs et musiciens qui interpr\u00e8tent un r\u00e9pertoire \u00e9clectique avec des chants d&rsquo;ici et d&rsquo;ailleurs, tr\u00e8s souvent mis en sc\u00e8ne dont beaucoup de compositions originales cr\u00e9\u00e9es par Dany Fontich. De nombreux th\u00e8mes avec des accompagnements instrumentaux : guitares, saxos, accord\u00e9on, piano, balafon, percussions diverses.<\/p>\n\n\n\n<p class=\"has-text-align-center has-large-font-size\"> Ils ont \u00e0 leur actif deux CD, pop hot soup et voyage.<\/p>\n\n\n\n<p class=\"has-text-align-center has-text-color has-link-color wp-elements-72fb0c804192c3d7c1fe6f1176f4fcc4\" style=\"color:#098256;font-size:45px\"><strong>Entr\u00e9e 10 \u20ac au profit de l&rsquo;\u00e9cole de Bantogdo (Burkina-Faso)<\/strong><\/p>\n\n\n\n<p class=\"has-text-align-center has-vivid-red-color has-text-color has-link-color has-large-font-size wp-elements-c304860e232d371bf1c11ba68ab90a1d\" style=\"text-transform:uppercase\"><strong>Nous proposons une petite restauration \u00e0 partir de 19h00 sur r\u00e9servation au 07 85 81 41 85<\/strong><\/p>\n","protected":false},"excerpt":{"rendered":"<p>Concert de soutien \u00e0 l&rsquo;\u00e9cole de Bantogdo le 16 novembre \u00e0 St Hilaire A 20h30 le samedi 16 novembre 2024 \u00e0 la salle des f\u00eates de St Hilaire de la Noaille l&rsquo;association &lsquo;Sous le manguier&rsquo; pr\u00e9sente : Un groupe vocal et instrumental de 13 chanteurs et musiciens qui interpr\u00e8tent un r\u00e9pertoire \u00e9clectique avec des chants [&hellip;]<\/p>\n","protected":false},"author":1,"featured_media":0,"comment_status":"open","ping_status":"open","sticky":false,"template":"","format":"standard","meta":{"footnotes":""},"categories":[1],"tags":[],"class_list":["post-3057","post","type-post","status-publish","format-standard","hentry","category-uncategorized"],"_links":{"self":[{"href":"http:\/\/souslemanguier.fr\/WordPress\/index.php?rest_route=\/wp\/v2\/posts\/3057"}],"collection":[{"href":"http:\/\/souslemanguier.fr\/WordPress\/index.php?rest_route=\/wp\/v2\/posts"}],"about":[{"href":"http:\/\/souslemanguier.fr\/WordPress\/index.php?rest_route=\/wp\/v2\/types\/post"}],"author":[{"embeddable":true,"href":"http:\/\/souslemanguier.fr\/WordPress\/index.php?rest_route=\/wp\/v2\/users\/1"}],"replies":[{"embeddable":true,"href":"http:\/\/souslemanguier.fr\/WordPress\/index.php?rest_route=%2Fwp%2Fv2%2Fcomments&post=3057"}],"version-history":[{"count":12,"href":"http:\/\/souslemanguier.fr\/WordPress\/index.php?rest_route=\/wp\/v2\/posts\/3057\/revisions"}],"predecessor-version":[{"id":3071,"href":"http:\/\/souslemanguier.fr\/WordPress\/index.php?rest_route=\/wp\/v2\/posts\/3057\/revisions\/3071"}],"wp:attachment":[{"href":"http:\/\/souslemanguier.fr\/WordPress\/index.php?rest_route=%2Fwp%2Fv2%2Fmedia&parent=3057"}],"wp:term":[{"taxonomy":"category","embeddable":true,"href":"http:\/\/souslemanguier.fr\/WordPress\/index.php?rest_route=%2Fwp%2Fv2%2Fcategories&post=3057"},{"taxonomy":"post_tag","embeddable":true,"href":"http:\/\/souslemanguier.fr\/WordPress\/index.php?rest_route=%2Fwp%2Fv2%2Ftags&post=3057"}],"curies":[{"name":"wp","href":"https:\/\/api.w.org\/{rel}","templated":true}]}}